{"id":1105,"date":"2024-05-21T11:05:16","date_gmt":"2024-05-21T09:05:16","guid":{"rendered":"https:\/\/install-bois.pro\/?p=1105"},"modified":"2025-04-29T12:06:16","modified_gmt":"2025-04-29T10:06:16","slug":"calcul-de-dimensionnement","status":"publish","type":"post","link":"https:\/\/install-bois.pro\/index.php\/2024\/05\/21\/calcul-de-dimensionnement\/","title":{"rendered":"CALCUL ?"},"content":{"rendered":"<p>[et_pb_section fb_built=\u00a0\u00bb1&Prime; _builder_version=\u00a0\u00bb4.24.3&Prime; _module_preset=\u00a0\u00bbdefault\u00a0\u00bb global_colors_info=\u00a0\u00bb{}\u00a0\u00bb][et_pb_row column_structure=\u00a0\u00bb1_3,2_3&Prime; _builder_version=\u00a0\u00bb4.24.3&Prime; _module_preset=\u00a0\u00bbdefault\u00a0\u00bb global_colors_info=\u00a0\u00bb{}\u00a0\u00bb][et_pb_column type=\u00a0\u00bb1_3&Prime; _builder_version=\u00a0\u00bb4.24.3&Prime; _module_preset=\u00a0\u00bbdefault\u00a0\u00bb global_colors_info=\u00a0\u00bb{}\u00a0\u00bb][et_pb_image src=\u00a0\u00bbhttps:\/\/install-bois.pro\/wp-content\/uploads\/2024\/05\/Quid-de-lobligation-du-calcul-de-dimensionnement-des-conduits-de-fumee.png\u00a0\u00bb title_text=\u00a0\u00bbQuid de l&rsquo;obligation du calcul de dimensionnement des conduits de fum\u00e9e\u00a0\u00bb _builder_version=\u00a0\u00bb4.27.0&Prime; _module_preset=\u00a0\u00bbdefault\u00a0\u00bb custom_padding=\u00a0\u00bb10px|20px|10px|0px|false|false\u00a0\u00bb hover_enabled=\u00a0\u00bb0&Prime; border_width_all=\u00a0\u00bb1px\u00a0\u00bb border_color_all=\u00a0\u00bb#FF9933&Prime; global_colors_info=\u00a0\u00bb{}\u00a0\u00bb url=\u00a0\u00bbhttps:\/\/install-bois.pro\/wp-content\/uploads\/2025\/04\/Quid-de-lobligation-du-calcul-de-dimensionnement-des-conduits-de-fumee-_-INSTALL-BOIS.pdf\u00a0\u00bb url_new_window=\u00a0\u00bbon\u00a0\u00bb sticky_enabled=\u00a0\u00bb0&Prime;][\/et_pb_image][et_pb_button button_text=\u00a0\u00bbT\u00e9l\u00e9charger \u00a0\u00bb _builder_version=\u00a0\u00bb4.27.0&Prime; _module_preset=\u00a0\u00bbdefault\u00a0\u00bb hover_enabled=\u00a0\u00bb0&Prime; sticky_enabled=\u00a0\u00bb0&Prime; button_url=\u00a0\u00bbhttps:\/\/install-bois.pro\/wp-content\/uploads\/2025\/04\/Quid-de-lobligation-du-calcul-de-dimensionnement-des-conduits-de-fumee-_-INSTALL-BOIS.pdf\u00a0\u00bb url_new_window=\u00a0\u00bbon\u00a0\u00bb custom_button=\u00a0\u00bbon\u00a0\u00bb button_text_color=\u00a0\u00bb#009999&Prime; button_border_width=\u00a0\u00bb3px\u00a0\u00bb button_border_radius=\u00a0\u00bb43px\u00a0\u00bb button_icon=\u00a0\u00bb&#xf101;||fa||900&Prime; button_on_hover=\u00a0\u00bboff\u00a0\u00bb button_text_size=\u00a0\u00bb22px\u00a0\u00bb button_icon_placement=\u00a0\u00bbleft\u00a0\u00bb button_alignment=\u00a0\u00bbcenter\u00a0\u00bb][\/et_pb_button][\/et_pb_column][et_pb_column type=\u00a0\u00bb2_3&Prime; _builder_version=\u00a0\u00bb4.24.3&Prime; _module_preset=\u00a0\u00bbdefault\u00a0\u00bb global_colors_info=\u00a0\u00bb{}\u00a0\u00bb][et_pb_text _builder_version=\u00a0\u00bb4.24.3&Prime; _module_preset=\u00a0\u00bbdefault\u00a0\u00bb global_colors_info=\u00a0\u00bb{}\u00a0\u00bb]<\/p>\n<h2 style=\"font-weight: 400; text-align: justify;\"><b><strong><i><em>Quid de l\u2019obligation du calcul de dimensionnement des conduits de fum\u00e9e<\/em><\/i><\/strong><\/b><\/h2>\n<p style=\"text-align: justify;\">Les textes qui imposent le calcul de dimensionnement du conduit se diff\u00e9rencient selon que le d\u00e9bouch\u00e9 du conduit est situ\u00e9 en zone1 ou\u00a0 zone 1 \u00e9tendue d\u2019une part, ou en zone 2 ou 3 d\u2019autre part. Dans le cas de la zone1 ou zone 1 \u00e9tendue,<span>\u00a0<\/span><span style=\"color: #ff9900;\">les DTU 24.1 et 24.2 imposent le calcul du conduit (et de l\u2019amen\u00e9e d\u2019air) selon la norme europ\u00e9enne EN 13384-1.<\/span><br \/>Certes, les DTU ont un statut de norme et ne sont donc pas r\u00e9glementairement obligatoires pour les march\u00e9s priv\u00e9s, sauf :<br \/>\u2013 si ils sont explicitement cit\u00e9s dans le devis ou les Conditions G\u00e9n\u00e9rales de Vente de l\u2019installateur,<br \/>\u2013 si la notice d\u2019installation de l\u2019appareil impose le respect du DTU.<\/p>\n<p style=\"text-align: justify;\"><span style=\"color: #ff9900;\">Quelques exemples de sinistres dus \u00e0 un non-respect du calcul du conduit\/DTU :<\/span><br \/>\u2013 mauvaise combustion due \u00e0 une amen\u00e9e d\u2019air insuffisante,<br \/>\u2013 refoulement de fum\u00e9e, donc risque d\u2019intoxication au CO, d\u00fb \u00e0 un tirage trop faible ou \u00e0 des pertes de charge trop fortes,<br \/>\u2013 incendie provoqu\u00e9 par un exc\u00e8s de tirage ou insuffisance de tirage ayant engendr\u00e9 des d\u00e9p\u00f4ts puis feu de conduit.<\/p>\n<p style=\"text-align: justify;\">De plus, le calcul du conduit est une prescription du DTU qui apporte de la tranquillit\u00e9 puisque ce calcul :<br \/>\u2013 garantit un bon fonctionnement de l\u2019installation, si ce calcul inclut l\u2019amen\u00e9e d\u2019air,<br \/>\u2013 r\u00e9duit l\u2019encrassement de l\u2019appareil et du conduit,<br \/>\u2013 et exclut tout dysfonctionnement d\u00fb \u00e0 l\u2019installation : toute plainte du client sera facilement trait\u00e9e en identifiant les causes restantes parmi un mauvais combustible, une<br \/>mauvaise utilisation ou un entretien insuffisant.<\/p>\n<p style=\"text-align: justify;\">Dans le cas des zones 2 ou 3 (c\u2019est-\u00e0-dire pour toutes les installations avec un appareil \u00e0 granul\u00e9 \u00c9TANCHE),<span>\u00a0<\/span>le CPT 3708_V2 et les DTA des conduits concentriques et des appareils \u00e9tanches \u00e0 granul\u00e9s exigent le calcul du conduit selon EN 13384-1.<br \/>Ce CPT et les DTA sont rendus obligatoires par le R\u00e8glement Sanitaire D\u00e9partemental qui est le seul texte r\u00e9glementaire \u00e0 permettre une d\u00e9rogation \u00e0 l\u2019arr\u00eat\u00e9 du 22\/10\/1969 et donc \u00e0 permettre un d\u00e9bouch\u00e9 de conduit en zone 2 ou 3. Une absence de calcul de conduit en zone 2 ou 3 constitue donc une violation du RSD.<\/p>\n<p style=\"text-align: justify;\"><span style=\"color: #ff9900;\">Cas des audits RGE \u2013 Qualibois \u2013 Qualibat :<\/span><br \/>Les audits r\u00e9alis\u00e9s dans cadre des qualifications Qualibois ou Qualibat contr\u00f4lent le dimensionnement du conduit dans le cas de la zone 1. Toute non-conformit\u00e9 est alors jug\u00e9e comme majeure.<br \/>Alors m\u00eame que la r\u00e9glementation exige le calcul de conduit dans le cas des zones 2 ou 3, notons que les audits ne le v\u00e9rifient pas. C\u2019est pourtant dans ces cas-l\u00e0 que le risque de refoulement de CO est le plus \u00e9lev\u00e9, et que le dimensionnement du conduit sera v\u00e9rifi\u00e9 par les experts d\u2019assurance et experts judiciaires.<br \/>Enfin, il faut savoir que les chantiers audit\u00e9s sont choisis au hasard parmi ceux r\u00e9f\u00e9renc\u00e9s dans le cadre de MaPrimeR\u00e9nov ou les C2E ; dimensionner le conduit pour toutes ses installations semble ainsi une pr\u00e9caution n\u00e9cessaire pour parer tout contr\u00f4le.<\/p>\n<p style=\"text-align: justify;\"><span style=\"color: #ff9900;\">Prise en compte de l\u2019amen\u00e9e d\u2019air :<\/span><br \/>Rappelons \u00e9galement qu\u2019un dimensionnement de conduit r\u00e9alis\u00e9 en int\u00e9grant l\u2019amen\u00e9e d\u2019air donne une garantie de bon fonctionnement de l\u2019installation (hors mauvaise utilisation ou mauvais entretien).<br \/>D\u2019ailleurs, la norme europ\u00e9enne EN 13384-1 pr\u00e9cise que le dimensionnement du conduit doit inclure le calcul de la perte de charge de l\u2019amen\u00e9e d\u2019air, y compris les grilles d\u2019air. Les abaques et logiciels qui imposent une valeur forfaitaire pour l\u2019amen\u00e9e d\u2019air ne seront pas reconnus valables en cas de contestation.<\/p>\n<p>[\/et_pb_text][\/et_pb_column][\/et_pb_row][\/et_pb_section]<\/p>\n","protected":false},"excerpt":{"rendered":"<p>Le calcul une exigence r\u00e9glementaire, notamment en zones 1 et 1 \u00e9tendue.<br \/>\nQuand, pourquoi et comment effectuer ce calcul ?<\/p>\n","protected":false},"author":1,"featured_media":2053,"comment_status":"closed","ping_status":"closed","sticky":false,"template":"","format":"standard","meta":{"_et_pb_use_builder":"on","_et_pb_old_content":"","_et_gb_content_width":"1080","footnotes":""},"categories":[1],"tags":[],"class_list":["post-1105","post","type-post","status-publish","format-standard","has-post-thumbnail","hentry","category-non-classe"],"yoast_head":"<!-- This site is optimized with the Yoast SEO plugin v27.5 - https:\/\/yoast.com\/product\/yoast-seo-wordpress\/ -->\n<title>CALCUL ? - INSTALL BOIS<\/title>\n<meta name=\"description\" content=\"Les textes qui imposent le calcul de dimensionnement du conduit se diff\u00e9rencient selon que\" \/>\n<meta name=\"robots\" content=\"index, follow, max-snippet:-1, max-image-preview:large, max-video-preview:-1\" \/>\n<link rel=\"canonical\" href=\"https:\/\/install-bois.pro\/index.php\/2024\/05\/21\/calcul-de-dimensionnement\/\" \/>\n<meta property=\"og:locale\" content=\"fr_FR\" \/>\n<meta property=\"og:type\" content=\"article\" \/>\n<meta property=\"og:title\" content=\"CALCUL ? - INSTALL BOIS\" \/>\n<meta property=\"og:description\" content=\"Les textes qui imposent le calcul de dimensionnement du conduit se diff\u00e9rencient selon que\" \/>\n<meta property=\"og:url\" content=\"https:\/\/install-bois.pro\/index.php\/2024\/05\/21\/calcul-de-dimensionnement\/\" \/>\n<meta property=\"og:site_name\" content=\"INSTALL BOIS\" \/>\n<meta property=\"article:published_time\" content=\"2024-05-21T09:05:16+00:00\" \/>\n<meta property=\"article:modified_time\" content=\"2025-04-29T10:06:16+00:00\" \/>\n<meta property=\"og:image\" content=\"https:\/\/install-bois.pro\/wp-content\/uploads\/2024\/05\/Image-blog.png\" \/>\n\t<meta property=\"og:image:width\" content=\"1181\" \/>\n\t<meta property=\"og:image:height\" content=\"709\" \/>\n\t<meta property=\"og:image:type\" content=\"image\/png\" \/>\n<meta name=\"author\" content=\"admin@install-bois.pro\" \/>\n<meta name=\"twitter:card\" content=\"summary_large_image\" \/>\n<meta name=\"twitter:label1\" content=\"\u00c9crit par\" \/>\n\t<meta name=\"twitter:data1\" content=\"admin@install-bois.pro\" \/>\n\t<meta name=\"twitter:label2\" content=\"Dur\u00e9e de lecture estim\u00e9e\" \/>\n\t<meta name=\"twitter:data2\" content=\"4 minutes\" \/>\n<script type=\"application\/ld+json\" class=\"yoast-schema-graph\">{\"@context\":\"https:\\\/\\\/schema.org\",\"@graph\":[{\"@type\":\"Article\",\"@id\":\"https:\\\/\\\/install-bois.pro\\\/index.php\\\/2024\\\/05\\\/21\\\/calcul-de-dimensionnement\\\/#article\",\"isPartOf\":{\"@id\":\"https:\\\/\\\/install-bois.pro\\\/index.php\\\/2024\\\/05\\\/21\\\/calcul-de-dimensionnement\\\/\"},\"author\":{\"name\":\"admin@install-bois.pro\",\"@id\":\"https:\\\/\\\/install-bois.pro\\\/#\\\/schema\\\/person\\\/81ca5545a5e843f422fef5b00d778fe7\"},\"headline\":\"CALCUL ?\",\"datePublished\":\"2024-05-21T09:05:16+00:00\",\"dateModified\":\"2025-04-29T10:06:16+00:00\",\"mainEntityOfPage\":{\"@id\":\"https:\\\/\\\/install-bois.pro\\\/index.php\\\/2024\\\/05\\\/21\\\/calcul-de-dimensionnement\\\/\"},\"wordCount\":836,\"image\":{\"@id\":\"https:\\\/\\\/install-bois.pro\\\/index.php\\\/2024\\\/05\\\/21\\\/calcul-de-dimensionnement\\\/#primaryimage\"},\"thumbnailUrl\":\"https:\\\/\\\/install-bois.pro\\\/wp-content\\\/uploads\\\/2024\\\/05\\\/Image-blog.png\",\"inLanguage\":\"fr-FR\"},{\"@type\":\"WebPage\",\"@id\":\"https:\\\/\\\/install-bois.pro\\\/index.php\\\/2024\\\/05\\\/21\\\/calcul-de-dimensionnement\\\/\",\"url\":\"https:\\\/\\\/install-bois.pro\\\/index.php\\\/2024\\\/05\\\/21\\\/calcul-de-dimensionnement\\\/\",\"name\":\"CALCUL ? - INSTALL BOIS\",\"isPartOf\":{\"@id\":\"https:\\\/\\\/install-bois.pro\\\/#website\"},\"primaryImageOfPage\":{\"@id\":\"https:\\\/\\\/install-bois.pro\\\/index.php\\\/2024\\\/05\\\/21\\\/calcul-de-dimensionnement\\\/#primaryimage\"},\"image\":{\"@id\":\"https:\\\/\\\/install-bois.pro\\\/index.php\\\/2024\\\/05\\\/21\\\/calcul-de-dimensionnement\\\/#primaryimage\"},\"thumbnailUrl\":\"https:\\\/\\\/install-bois.pro\\\/wp-content\\\/uploads\\\/2024\\\/05\\\/Image-blog.png\",\"datePublished\":\"2024-05-21T09:05:16+00:00\",\"dateModified\":\"2025-04-29T10:06:16+00:00\",\"author\":{\"@id\":\"https:\\\/\\\/install-bois.pro\\\/#\\\/schema\\\/person\\\/81ca5545a5e843f422fef5b00d778fe7\"},\"description\":\"Les textes qui imposent le calcul de dimensionnement du conduit se diff\u00e9rencient selon que\",\"inLanguage\":\"fr-FR\",\"potentialAction\":[{\"@type\":\"ReadAction\",\"target\":[\"https:\\\/\\\/install-bois.pro\\\/index.php\\\/2024\\\/05\\\/21\\\/calcul-de-dimensionnement\\\/\"]}]},{\"@type\":\"ImageObject\",\"inLanguage\":\"fr-FR\",\"@id\":\"https:\\\/\\\/install-bois.pro\\\/index.php\\\/2024\\\/05\\\/21\\\/calcul-de-dimensionnement\\\/#primaryimage\",\"url\":\"https:\\\/\\\/install-bois.pro\\\/wp-content\\\/uploads\\\/2024\\\/05\\\/Image-blog.png\",\"contentUrl\":\"https:\\\/\\\/install-bois.pro\\\/wp-content\\\/uploads\\\/2024\\\/05\\\/Image-blog.png\",\"width\":1181,\"height\":709},{\"@type\":\"WebSite\",\"@id\":\"https:\\\/\\\/install-bois.pro\\\/#website\",\"url\":\"https:\\\/\\\/install-bois.pro\\\/\",\"name\":\"INSTALL BOIS\",\"description\":\"\",\"potentialAction\":[{\"@type\":\"SearchAction\",\"target\":{\"@type\":\"EntryPoint\",\"urlTemplate\":\"https:\\\/\\\/install-bois.pro\\\/?s={search_term_string}\"},\"query-input\":{\"@type\":\"PropertyValueSpecification\",\"valueRequired\":true,\"valueName\":\"search_term_string\"}}],\"inLanguage\":\"fr-FR\"},{\"@type\":\"Person\",\"@id\":\"https:\\\/\\\/install-bois.pro\\\/#\\\/schema\\\/person\\\/81ca5545a5e843f422fef5b00d778fe7\",\"name\":\"admin@install-bois.pro\",\"image\":{\"@type\":\"ImageObject\",\"inLanguage\":\"fr-FR\",\"@id\":\"https:\\\/\\\/secure.gravatar.com\\\/avatar\\\/6db778fcf35911e7955b65f5a21f85ec2b4f61fb6316f5c2f3344725bb9288b3?s=96&d=mm&r=g\",\"url\":\"https:\\\/\\\/secure.gravatar.com\\\/avatar\\\/6db778fcf35911e7955b65f5a21f85ec2b4f61fb6316f5c2f3344725bb9288b3?s=96&d=mm&r=g\",\"contentUrl\":\"https:\\\/\\\/secure.gravatar.com\\\/avatar\\\/6db778fcf35911e7955b65f5a21f85ec2b4f61fb6316f5c2f3344725bb9288b3?s=96&d=mm&r=g\",\"caption\":\"admin@install-bois.pro\"},\"sameAs\":[\"https:\\\/\\\/install-bois.pro\"],\"url\":\"https:\\\/\\\/install-bois.pro\\\/index.php\\\/author\\\/admininstall-bois-pro\\\/\"}]}<\/script>\n<!-- \/ Yoast SEO plugin. -->","yoast_head_json":{"title":"CALCUL ? - INSTALL BOIS","description":"Les textes qui imposent le calcul de dimensionnement du conduit se diff\u00e9rencient selon que","robots":{"index":"index","follow":"follow","max-snippet":"max-snippet:-1","max-image-preview":"max-image-preview:large","max-video-preview":"max-video-preview:-1"},"canonical":"https:\/\/install-bois.pro\/index.php\/2024\/05\/21\/calcul-de-dimensionnement\/","og_locale":"fr_FR","og_type":"article","og_title":"CALCUL ? - INSTALL BOIS","og_description":"Les textes qui imposent le calcul de dimensionnement du conduit se diff\u00e9rencient selon que","og_url":"https:\/\/install-bois.pro\/index.php\/2024\/05\/21\/calcul-de-dimensionnement\/","og_site_name":"INSTALL BOIS","article_published_time":"2024-05-21T09:05:16+00:00","article_modified_time":"2025-04-29T10:06:16+00:00","og_image":[{"width":1181,"height":709,"url":"https:\/\/install-bois.pro\/wp-content\/uploads\/2024\/05\/Image-blog.png","type":"image\/png"}],"author":"admin@install-bois.pro","twitter_card":"summary_large_image","twitter_misc":{"\u00c9crit par":"admin@install-bois.pro","Dur\u00e9e de lecture estim\u00e9e":"4 minutes"},"schema":{"@context":"https:\/\/schema.org","@graph":[{"@type":"Article","@id":"https:\/\/install-bois.pro\/index.php\/2024\/05\/21\/calcul-de-dimensionnement\/#article","isPartOf":{"@id":"https:\/\/install-bois.pro\/index.php\/2024\/05\/21\/calcul-de-dimensionnement\/"},"author":{"name":"admin@install-bois.pro","@id":"https:\/\/install-bois.pro\/#\/schema\/person\/81ca5545a5e843f422fef5b00d778fe7"},"headline":"CALCUL ?","datePublished":"2024-05-21T09:05:16+00:00","dateModified":"2025-04-29T10:06:16+00:00","mainEntityOfPage":{"@id":"https:\/\/install-bois.pro\/index.php\/2024\/05\/21\/calcul-de-dimensionnement\/"},"wordCount":836,"image":{"@id":"https:\/\/install-bois.pro\/index.php\/2024\/05\/21\/calcul-de-dimensionnement\/#primaryimage"},"thumbnailUrl":"https:\/\/install-bois.pro\/wp-content\/uploads\/2024\/05\/Image-blog.png","inLanguage":"fr-FR"},{"@type":"WebPage","@id":"https:\/\/install-bois.pro\/index.php\/2024\/05\/21\/calcul-de-dimensionnement\/","url":"https:\/\/install-bois.pro\/index.php\/2024\/05\/21\/calcul-de-dimensionnement\/","name":"CALCUL ? - INSTALL BOIS","isPartOf":{"@id":"https:\/\/install-bois.pro\/#website"},"primaryImageOfPage":{"@id":"https:\/\/install-bois.pro\/index.php\/2024\/05\/21\/calcul-de-dimensionnement\/#primaryimage"},"image":{"@id":"https:\/\/install-bois.pro\/index.php\/2024\/05\/21\/calcul-de-dimensionnement\/#primaryimage"},"thumbnailUrl":"https:\/\/install-bois.pro\/wp-content\/uploads\/2024\/05\/Image-blog.png","datePublished":"2024-05-21T09:05:16+00:00","dateModified":"2025-04-29T10:06:16+00:00","author":{"@id":"https:\/\/install-bois.pro\/#\/schema\/person\/81ca5545a5e843f422fef5b00d778fe7"},"description":"Les textes qui imposent le calcul de dimensionnement du conduit se diff\u00e9rencient selon que","inLanguage":"fr-FR","potentialAction":[{"@type":"ReadAction","target":["https:\/\/install-bois.pro\/index.php\/2024\/05\/21\/calcul-de-dimensionnement\/"]}]},{"@type":"ImageObject","inLanguage":"fr-FR","@id":"https:\/\/install-bois.pro\/index.php\/2024\/05\/21\/calcul-de-dimensionnement\/#primaryimage","url":"https:\/\/install-bois.pro\/wp-content\/uploads\/2024\/05\/Image-blog.png","contentUrl":"https:\/\/install-bois.pro\/wp-content\/uploads\/2024\/05\/Image-blog.png","width":1181,"height":709},{"@type":"WebSite","@id":"https:\/\/install-bois.pro\/#website","url":"https:\/\/install-bois.pro\/","name":"INSTALL BOIS","description":"","potentialAction":[{"@type":"SearchAction","target":{"@type":"EntryPoint","urlTemplate":"https:\/\/install-bois.pro\/?s={search_term_string}"},"query-input":{"@type":"PropertyValueSpecification","valueRequired":true,"valueName":"search_term_string"}}],"inLanguage":"fr-FR"},{"@type":"Person","@id":"https:\/\/install-bois.pro\/#\/schema\/person\/81ca5545a5e843f422fef5b00d778fe7","name":"admin@install-bois.pro","image":{"@type":"ImageObject","inLanguage":"fr-FR","@id":"https:\/\/secure.gravatar.com\/avatar\/6db778fcf35911e7955b65f5a21f85ec2b4f61fb6316f5c2f3344725bb9288b3?s=96&d=mm&r=g","url":"https:\/\/secure.gravatar.com\/avatar\/6db778fcf35911e7955b65f5a21f85ec2b4f61fb6316f5c2f3344725bb9288b3?s=96&d=mm&r=g","contentUrl":"https:\/\/secure.gravatar.com\/avatar\/6db778fcf35911e7955b65f5a21f85ec2b4f61fb6316f5c2f3344725bb9288b3?s=96&d=mm&r=g","caption":"admin@install-bois.pro"},"sameAs":["https:\/\/install-bois.pro"],"url":"https:\/\/install-bois.pro\/index.php\/author\/admininstall-bois-pro\/"}]}},"_links":{"self":[{"href":"https:\/\/install-bois.pro\/index.php\/wp-json\/wp\/v2\/posts\/1105","targetHints":{"allow":["GET"]}}],"collection":[{"href":"https:\/\/install-bois.pro\/index.php\/wp-json\/wp\/v2\/posts"}],"about":[{"href":"https:\/\/install-bois.pro\/index.php\/wp-json\/wp\/v2\/types\/post"}],"author":[{"embeddable":true,"href":"https:\/\/install-bois.pro\/index.php\/wp-json\/wp\/v2\/users\/1"}],"replies":[{"embeddable":true,"href":"https:\/\/install-bois.pro\/index.php\/wp-json\/wp\/v2\/comments?post=1105"}],"version-history":[{"count":12,"href":"https:\/\/install-bois.pro\/index.php\/wp-json\/wp\/v2\/posts\/1105\/revisions"}],"predecessor-version":[{"id":2283,"href":"https:\/\/install-bois.pro\/index.php\/wp-json\/wp\/v2\/posts\/1105\/revisions\/2283"}],"wp:featuredmedia":[{"embeddable":true,"href":"https:\/\/install-bois.pro\/index.php\/wp-json\/wp\/v2\/media\/2053"}],"wp:attachment":[{"href":"https:\/\/install-bois.pro\/index.php\/wp-json\/wp\/v2\/media?parent=1105"}],"wp:term":[{"taxonomy":"category","embeddable":true,"href":"https:\/\/install-bois.pro\/index.php\/wp-json\/wp\/v2\/categories?post=1105"},{"taxonomy":"post_tag","embeddable":true,"href":"https:\/\/install-bois.pro\/index.php\/wp-json\/wp\/v2\/tags?post=1105"}],"curies":[{"name":"wp","href":"https:\/\/api.w.org\/{rel}","templated":true}]}}